{"id":36332,"date":"2025-04-01T12:00:07","date_gmt":"2025-04-01T10:00:07","guid":{"rendered":"https:\/\/comek.it\/?p=36332"},"modified":"2025-03-31T17:16:29","modified_gmt":"2025-03-31T15:16:29","slug":"ligne-comek-pour-la-pesee-et-lemballage-du-cafe-en-grains","status":"publish","type":"post","link":"https:\/\/comek.it\/fr\/ligne-comek-pour-la-pesee-et-lemballage-du-cafe-en-grains\/","title":{"rendered":"Scellage herm\u00e9tique et \u00e9l\u00e9gance : la ligne Comek pour la pes\u00e9e et l&#8217;emballage du caf\u00e9 en grains"},"content":{"rendered":"<p><span style=\"font-weight: 400;\">Vous cherchez une solution qui vous permette de pr\u00e9server la <strong>fra\u00eecheur et l&rsquo;ar\u00f4me<\/strong> du caf\u00e9, tout en garantissant <strong>des sachets herm\u00e9tiques et esth\u00e9tiquement parfaits ?<\/strong><\/span><\/p>\n<p><span style=\"font-weight: 400;\">Pour r\u00e9pondre \u00e0 ces besoins, Comek a con\u00e7u une ligne de pes\u00e9e et d&#8217;emballage alliant efficacit\u00e9 de production, polyvalence et s\u00e9curit\u00e9.<\/span><\/p>\n<p><span style=\"font-weight: 400;\">Une attention particuli\u00e8re a \u00e9t\u00e9 accord\u00e9e \u00e0 l&rsquo;application de la <strong>valve de d\u00e9gazage,<\/strong> \u00e9l\u00e9ment cl\u00e9 pour pr\u00e9server la saveur et les caract\u00e9ristiques du produit.<\/span><\/p>\n<p><iframe loading=\"lazy\" title=\"\" src=\"https:\/\/www.youtube.com\/embed\/63V9X5Vbpu4\" width=\"1280\" height=\"720\" frameborder=\"0\" allowfullscreen=\"allowfullscreen\"><span data-mce-type=\"bookmark\" style=\"display: inline-block; width: 0px; overflow: hidden; line-height: 0;\" class=\"mce_SELRES_start\">\ufeff<\/span><\/iframe><\/p>\n<h4><\/h4>\n<h4><b><img loading=\"lazy\" decoding=\"async\" class=\"size-medium wp-image-36322 alignleft\" src=\"https:\/\/comek.it\/wp-content\/uploads\/2025\/03\/image2-225x300.jpg\" alt=\"\" width=\"225\" height=\"300\" srcset=\"https:\/\/comek.it\/wp-content\/uploads\/2025\/03\/image2-225x300.jpg 225w, https:\/\/comek.it\/wp-content\/uploads\/2025\/03\/image2-600x800.jpg 600w, https:\/\/comek.it\/wp-content\/uploads\/2025\/03\/image2-768x1024.jpg 768w, https:\/\/comek.it\/wp-content\/uploads\/2025\/03\/image2-1152x1536.jpg 1152w, https:\/\/comek.it\/wp-content\/uploads\/2025\/03\/image2-1536x2048.jpg 1536w, https:\/\/comek.it\/wp-content\/uploads\/2025\/03\/image2-scaled.jpg 1920w\" sizes=\"auto, (max-width: 225px) 100vw, 225px\" \/><\/b><\/h4>\n<p>&nbsp;<\/p>\n<h4><b>Scellage herm\u00e9tique et qualit\u00e9 esth\u00e9tique<\/b><\/h4>\n<p><span style=\"font-weight: 400;\">Le syst\u00e8me Comek est \u00e9quip\u00e9 de la<strong> technologie exclusive Ultra Seal,<\/strong> qui utilise <strong>le scellage par ultrasons<\/strong> pour appliquer des valves de d\u00e9gazage parfaitement herm\u00e9tiques et r\u00e9sistantes, pr\u00e9servant l&rsquo;\u00e9quilibre des ar\u00f4mes et des parfums qui rendent le caf\u00e9 torr\u00e9fi\u00e9 unique.<\/span><\/p>\n<p><span style=\"font-weight: 400;\">Notre ligne offre \u00e9galement la technologie <strong>Solid Seal \u201cStabilo style\u201d (fond carr\u00e9 \u00e0 4 angles soud\u00e9s),<\/strong> qui am\u00e9liore la stabilit\u00e9 et la qualit\u00e9 esth\u00e9tique de l&#8217;emballage, maintenant son int\u00e9grit\u00e9 tout au long du processus de distribution.<\/span><\/p>\n<h4><b>3 types d&#8217;emballages dans une seule solution<\/b><\/h4>\n<p><span style=\"font-weight: 400;\">La ligne Comek permet de produire diff\u00e9rents types d&#8217;emballages pour r\u00e9pondre aux besoins du march\u00e9 et aux pr\u00e9f\u00e9rences des clients :<\/span><\/p>\n<ul>\n<li><b>Sachets \u00e0 coussin<\/b><span style=\"font-weight: 400;\"> : Un format simple et polyvalent, adapt\u00e9 \u00e0 de nombreux contextes de vente.<\/span><\/li>\n<li><b>Sachets \u00e0 fond carr\u00e9<\/b><span style=\"font-weight: 400;\"> : Id\u00e9als pour garantir la stabilit\u00e9 et une pr\u00e9sentation soign\u00e9e sur les \u00e9tag\u00e8res.<\/span><\/li>\n<li><b>Solid Bag \u201cStabilo style\u201d (fond carr\u00e9 \u00e0 4 angles soud\u00e9s)<\/b><span style=\"font-weight: 400;\"> : Une solution premium qui conf\u00e8re \u00e0 l&#8217;emballage un aspect professionnel et raffin\u00e9<\/span><span style=\"font-weight: 400;\"><br \/>\n<\/span><\/li>\n<\/ul>\n<p><span style=\"font-weight: 400;\">Notre syst\u00e8me peut produire jusqu&rsquo;\u00e0 <strong>40\/45 sachets par minute<\/strong> avec une valve de d\u00e9gazage appliqu\u00e9e.<\/span><\/p>\n<h4><b>Les machines composant la ligne<\/b><\/h4>\n<p><span style=\"font-weight: 400;\">Notre syst\u00e8me est compos\u00e9 de :<\/span><\/p>\n<ul>\n<li><a href=\"https:\/\/comek.it\/fr\/machines\/peseuses-associatives-circulaires\/\"><b>Peseuses multi-t\u00eates CK14ST<\/b><\/a><span style=\"font-weight: 400;\"> avec cadre en <strong>acier inoxydable AISI 304,<\/strong> con\u00e7u pour garantir une pr\u00e9cision maximale dans la pes\u00e9e du produit.<\/span><\/li>\n<li><a href=\"https:\/\/comek.it\/fr\/machines\/ensacheuses-verticales\/vpb\/\"><b>Ensacheuses verticales VPB 330<\/b><\/a> avec <strong>changement rapide des tubes formateurs<\/strong> pour minimiser les arr\u00eats de machine.<\/li>\n<\/ul>\n<h4><b>Accessoires polyvalents pour des sachets sur mesure<\/b><\/h4>\n<p><span style=\"font-weight: 400;\">Pour rendre chaque emballage unique et fonctionnel, le syst\u00e8me est compatible avec divers accessoires garantissant une personnalisation esth\u00e9tique de haut niveau :<\/span><\/p>\n<ul>\n<li><span style=\"font-weight: 400;\"> \u00a0 \u00a0 <\/span><b>Imprimante<\/b><span style=\"font-weight: 400;\"> pour l&rsquo;application de codes-barres, num\u00e9ros de lot et dates d&rsquo;expiration.<\/span><\/li>\n<li><span style=\"font-weight: 400;\"> \u00a0 \u00a0 <\/span><b>\u00c9tiqueteuse<\/b><span style=\"font-weight: 400;\"> pour ajouter des \u00e9l\u00e9ments graphiques et des d\u00e9tails suppl\u00e9mentaires sur le film.<\/span><\/li>\n<\/ul>\n<p><span style=\"font-weight: 400;\">Comek vous offre une large gamme de solutions fiables pour la pes\u00e9e et l&#8217;emballage du caf\u00e9 en grains, <a href=\"https:\/\/comek.it\/fr\/secteurs\/poudres\/\">moulu,<\/a> en dosettes et en capsules, avec des dispositifs de transport et de comptage sp\u00e9cialement con\u00e7us pour pr\u00e9server l&rsquo;int\u00e9grit\u00e9 du produit.<\/span><\/p>\n","protected":false},"excerpt":{"rendered":"<p>Vous cherchez une solution qui vous permette de pr\u00e9server la fra\u00eecheur et l&rsquo;ar\u00f4me du caf\u00e9, tout en garantissant des sachets<\/p>\n","protected":false},"author":25,"featured_media":36336,"comment_status":"closed","ping_status":"closed","sticky":false,"template":"","format":"standard","meta":{"footnotes":""},"categories":[98],"tags":[],"class_list":["post-36332","post","type-post","status-publish","format-standard","has-post-thumbnail","hentry","category-news-fr"],"yoast_head":"<!-- This site is optimized with the Yoast SEO plugin v25.9 - https:\/\/yoast.com\/wordpress\/plugins\/seo\/ -->\n<title>Scellage herm\u00e9tique et \u00e9l\u00e9gance : la ligne Comek pour la pes\u00e9e et l&#039;emballage du caf\u00e9 en grains - Comek<\/title>\n<meta name=\"description\" content=\"L&#039;emballage des grains de caf\u00e9 est bien plus qu&#039;un simple sachet : c&#039;est la cl\u00e9 pour pr\u00e9server son ar\u00f4me et garantir sa qualit\u00e9 au fil du temps \u2615\u200b\" \/>\n<meta name=\"robots\" content=\"index, follow, max-snippet:-1, max-image-preview:large, max-video-preview:-1\" \/>\n<link rel=\"canonical\" href=\"https:\/\/comek.it\/fr\/ligne-comek-pour-la-pesee-et-lemballage-du-cafe-en-grains\/\" \/>\n<meta property=\"og:locale\" content=\"fr_FR\" \/>\n<meta property=\"og:type\" content=\"article\" \/>\n<meta property=\"og:title\" content=\"Scellage herm\u00e9tique et \u00e9l\u00e9gance : la ligne Comek pour la pes\u00e9e et l&#039;emballage du caf\u00e9 en grains - Comek\" \/>\n<meta property=\"og:description\" content=\"L&#039;emballage des grains de caf\u00e9 est bien plus qu&#039;un simple sachet : c&#039;est la cl\u00e9 pour pr\u00e9server son ar\u00f4me et garantir sa qualit\u00e9 au fil du temps \u2615\u200b\" \/>\n<meta property=\"og:url\" content=\"https:\/\/comek.it\/fr\/ligne-comek-pour-la-pesee-et-lemballage-du-cafe-en-grains\/\" \/>\n<meta property=\"og:site_name\" content=\"Comek\" \/>\n<meta property=\"article:published_time\" content=\"2025-04-01T10:00:07+00:00\" \/>\n<meta property=\"og:image\" content=\"https:\/\/comek.it\/wp-content\/uploads\/2025\/04\/Copertina-Blog-FR.jpg\" \/>\n\t<meta property=\"og:image:width\" content=\"1500\" \/>\n\t<meta property=\"og:image:height\" content=\"1095\" \/>\n\t<meta property=\"og:image:type\" content=\"image\/jpeg\" \/>\n<meta name=\"author\" content=\"admin-mktn9\" \/>\n<meta name=\"twitter:card\" content=\"summary_large_image\" \/>\n<meta name=\"twitter:label1\" content=\"\u00c9crit par\" \/>\n\t<meta name=\"twitter:data1\" content=\"admin-mktn9\" \/>\n\t<meta name=\"twitter:label2\" content=\"Dur\u00e9e de lecture estim\u00e9e\" \/>\n\t<meta name=\"twitter:data2\" content=\"2 minutes\" \/>\n<script type=\"application\/ld+json\" class=\"yoast-schema-graph\">{\"@context\":\"https:\/\/schema.org\",\"@graph\":[{\"@type\":\"Article\",\"@id\":\"https:\/\/comek.it\/fr\/ligne-comek-pour-la-pesee-et-lemballage-du-cafe-en-grains\/#article\",\"isPartOf\":{\"@id\":\"https:\/\/comek.it\/fr\/ligne-comek-pour-la-pesee-et-lemballage-du-cafe-en-grains\/\"},\"author\":{\"name\":\"admin-mktn9\",\"@id\":\"https:\/\/comek.it\/fr\/#\/schema\/person\/1b97e23eea5847fb7a9e94b9a711a1f1\"},\"headline\":\"Scellage herm\u00e9tique et \u00e9l\u00e9gance : la ligne Comek pour la pes\u00e9e et l&#8217;emballage du caf\u00e9 en grains\",\"datePublished\":\"2025-04-01T10:00:07+00:00\",\"mainEntityOfPage\":{\"@id\":\"https:\/\/comek.it\/fr\/ligne-comek-pour-la-pesee-et-lemballage-du-cafe-en-grains\/\"},\"wordCount\":449,\"publisher\":{\"@id\":\"https:\/\/comek.it\/fr\/#organization\"},\"image\":{\"@id\":\"https:\/\/comek.it\/fr\/ligne-comek-pour-la-pesee-et-lemballage-du-cafe-en-grains\/#primaryimage\"},\"thumbnailUrl\":\"https:\/\/comek.it\/wp-content\/uploads\/2025\/04\/Copertina-Blog-FR.jpg\",\"articleSection\":[\"news\"],\"inLanguage\":\"fr-FR\"},{\"@type\":\"WebPage\",\"@id\":\"https:\/\/comek.it\/fr\/ligne-comek-pour-la-pesee-et-lemballage-du-cafe-en-grains\/\",\"url\":\"https:\/\/comek.it\/fr\/ligne-comek-pour-la-pesee-et-lemballage-du-cafe-en-grains\/\",\"name\":\"Scellage herm\u00e9tique et \u00e9l\u00e9gance : la ligne Comek pour la pes\u00e9e et l'emballage du caf\u00e9 en grains - Comek\",\"isPartOf\":{\"@id\":\"https:\/\/comek.it\/fr\/#website\"},\"primaryImageOfPage\":{\"@id\":\"https:\/\/comek.it\/fr\/ligne-comek-pour-la-pesee-et-lemballage-du-cafe-en-grains\/#primaryimage\"},\"image\":{\"@id\":\"https:\/\/comek.it\/fr\/ligne-comek-pour-la-pesee-et-lemballage-du-cafe-en-grains\/#primaryimage\"},\"thumbnailUrl\":\"https:\/\/comek.it\/wp-content\/uploads\/2025\/04\/Copertina-Blog-FR.jpg\",\"datePublished\":\"2025-04-01T10:00:07+00:00\",\"description\":\"L'emballage des grains de caf\u00e9 est bien plus qu'un simple sachet : c'est la cl\u00e9 pour pr\u00e9server son ar\u00f4me et garantir sa qualit\u00e9 au fil du temps \u2615\u200b\",\"breadcrumb\":{\"@id\":\"https:\/\/comek.it\/fr\/ligne-comek-pour-la-pesee-et-lemballage-du-cafe-en-grains\/#breadcrumb\"},\"inLanguage\":\"fr-FR\",\"potentialAction\":[{\"@type\":\"ReadAction\",\"target\":[\"https:\/\/comek.it\/fr\/ligne-comek-pour-la-pesee-et-lemballage-du-cafe-en-grains\/\"]}]},{\"@type\":\"ImageObject\",\"inLanguage\":\"fr-FR\",\"@id\":\"https:\/\/comek.it\/fr\/ligne-comek-pour-la-pesee-et-lemballage-du-cafe-en-grains\/#primaryimage\",\"url\":\"https:\/\/comek.it\/wp-content\/uploads\/2025\/04\/Copertina-Blog-FR.jpg\",\"contentUrl\":\"https:\/\/comek.it\/wp-content\/uploads\/2025\/04\/Copertina-Blog-FR.jpg\",\"width\":1500,\"height\":1095},{\"@type\":\"BreadcrumbList\",\"@id\":\"https:\/\/comek.it\/fr\/ligne-comek-pour-la-pesee-et-lemballage-du-cafe-en-grains\/#breadcrumb\",\"itemListElement\":[{\"@type\":\"ListItem\",\"position\":1,\"name\":\"Home\",\"item\":\"https:\/\/comek.it\/fr\/\"},{\"@type\":\"ListItem\",\"position\":2,\"name\":\"Scellage herm\u00e9tique et \u00e9l\u00e9gance : la ligne Comek pour la pes\u00e9e et l&#8217;emballage du caf\u00e9 en grains\"}]},{\"@type\":\"WebSite\",\"@id\":\"https:\/\/comek.it\/fr\/#website\",\"url\":\"https:\/\/comek.it\/fr\/\",\"name\":\"Comek srl - Impianti automatici di pesatura, imballaggio e confezionamento\",\"description\":\"Produzioni macchine per Impianti automatici di pesatura, imballaggio e confezionamento\",\"publisher\":{\"@id\":\"https:\/\/comek.it\/fr\/#organization\"},\"potentialAction\":[{\"@type\":\"SearchAction\",\"target\":{\"@type\":\"EntryPoint\",\"urlTemplate\":\"https:\/\/comek.it\/fr\/?s={search_term_string}\"},\"query-input\":{\"@type\":\"PropertyValueSpecification\",\"valueRequired\":true,\"valueName\":\"search_term_string\"}}],\"inLanguage\":\"fr-FR\"},{\"@type\":\"Organization\",\"@id\":\"https:\/\/comek.it\/fr\/#organization\",\"name\":\"Comek srl - Impianti automatici di pesatura, imballaggio e confezionamento\",\"url\":\"https:\/\/comek.it\/fr\/\",\"logo\":{\"@type\":\"ImageObject\",\"inLanguage\":\"fr-FR\",\"@id\":\"https:\/\/comek.it\/fr\/#\/schema\/logo\/image\/\",\"url\":\"https:\/\/comek.it\/wp-content\/uploads\/2023\/04\/comek-logo-positivo.png\",\"contentUrl\":\"https:\/\/comek.it\/wp-content\/uploads\/2023\/04\/comek-logo-positivo.png\",\"width\":600,\"height\":149,\"caption\":\"Comek srl - Impianti automatici di pesatura, imballaggio e confezionamento\"},\"image\":{\"@id\":\"https:\/\/comek.it\/fr\/#\/schema\/logo\/image\/\"},\"sameAs\":[\"https:\/\/www.linkedin.com\/company\/comek-s.r.l.\/\",\"https:\/\/www.youtube.com\/channel\/UCzNdYeFJW5tscdfc8zMGSXA\"]},{\"@type\":\"Person\",\"@id\":\"https:\/\/comek.it\/fr\/#\/schema\/person\/1b97e23eea5847fb7a9e94b9a711a1f1\",\"name\":\"admin-mktn9\",\"image\":{\"@type\":\"ImageObject\",\"inLanguage\":\"fr-FR\",\"@id\":\"https:\/\/comek.it\/fr\/#\/schema\/person\/image\/\",\"url\":\"https:\/\/secure.gravatar.com\/avatar\/59f662987b55e2a33a48558631d130663a6f6c07e4b72a3fe0781b62597529dc?s=96&d=mm&r=g\",\"contentUrl\":\"https:\/\/secure.gravatar.com\/avatar\/59f662987b55e2a33a48558631d130663a6f6c07e4b72a3fe0781b62597529dc?s=96&d=mm&r=g\",\"caption\":\"admin-mktn9\"}}]}<\/script>\n<!-- \/ Yoast SEO plugin. -->","yoast_head_json":{"title":"Scellage herm\u00e9tique et \u00e9l\u00e9gance : la ligne Comek pour la pes\u00e9e et l'emballage du caf\u00e9 en grains - Comek","description":"L'emballage des grains de caf\u00e9 est bien plus qu'un simple sachet : c'est la cl\u00e9 pour pr\u00e9server son ar\u00f4me et garantir sa qualit\u00e9 au fil du temps \u2615\u200b","robots":{"index":"index","follow":"follow","max-snippet":"max-snippet:-1","max-image-preview":"max-image-preview:large","max-video-preview":"max-video-preview:-1"},"canonical":"https:\/\/comek.it\/fr\/ligne-comek-pour-la-pesee-et-lemballage-du-cafe-en-grains\/","og_locale":"fr_FR","og_type":"article","og_title":"Scellage herm\u00e9tique et \u00e9l\u00e9gance : la ligne Comek pour la pes\u00e9e et l'emballage du caf\u00e9 en grains - Comek","og_description":"L'emballage des grains de caf\u00e9 est bien plus qu'un simple sachet : c'est la cl\u00e9 pour pr\u00e9server son ar\u00f4me et garantir sa qualit\u00e9 au fil du temps \u2615\u200b","og_url":"https:\/\/comek.it\/fr\/ligne-comek-pour-la-pesee-et-lemballage-du-cafe-en-grains\/","og_site_name":"Comek","article_published_time":"2025-04-01T10:00:07+00:00","og_image":[{"width":1500,"height":1095,"url":"https:\/\/comek.it\/wp-content\/uploads\/2025\/04\/Copertina-Blog-FR.jpg","type":"image\/jpeg"}],"author":"admin-mktn9","twitter_card":"summary_large_image","twitter_misc":{"\u00c9crit par":"admin-mktn9","Dur\u00e9e de lecture estim\u00e9e":"2 minutes"},"schema":{"@context":"https:\/\/schema.org","@graph":[{"@type":"Article","@id":"https:\/\/comek.it\/fr\/ligne-comek-pour-la-pesee-et-lemballage-du-cafe-en-grains\/#article","isPartOf":{"@id":"https:\/\/comek.it\/fr\/ligne-comek-pour-la-pesee-et-lemballage-du-cafe-en-grains\/"},"author":{"name":"admin-mktn9","@id":"https:\/\/comek.it\/fr\/#\/schema\/person\/1b97e23eea5847fb7a9e94b9a711a1f1"},"headline":"Scellage herm\u00e9tique et \u00e9l\u00e9gance : la ligne Comek pour la pes\u00e9e et l&#8217;emballage du caf\u00e9 en grains","datePublished":"2025-04-01T10:00:07+00:00","mainEntityOfPage":{"@id":"https:\/\/comek.it\/fr\/ligne-comek-pour-la-pesee-et-lemballage-du-cafe-en-grains\/"},"wordCount":449,"publisher":{"@id":"https:\/\/comek.it\/fr\/#organization"},"image":{"@id":"https:\/\/comek.it\/fr\/ligne-comek-pour-la-pesee-et-lemballage-du-cafe-en-grains\/#primaryimage"},"thumbnailUrl":"https:\/\/comek.it\/wp-content\/uploads\/2025\/04\/Copertina-Blog-FR.jpg","articleSection":["news"],"inLanguage":"fr-FR"},{"@type":"WebPage","@id":"https:\/\/comek.it\/fr\/ligne-comek-pour-la-pesee-et-lemballage-du-cafe-en-grains\/","url":"https:\/\/comek.it\/fr\/ligne-comek-pour-la-pesee-et-lemballage-du-cafe-en-grains\/","name":"Scellage herm\u00e9tique et \u00e9l\u00e9gance : la ligne Comek pour la pes\u00e9e et l'emballage du caf\u00e9 en grains - Comek","isPartOf":{"@id":"https:\/\/comek.it\/fr\/#website"},"primaryImageOfPage":{"@id":"https:\/\/comek.it\/fr\/ligne-comek-pour-la-pesee-et-lemballage-du-cafe-en-grains\/#primaryimage"},"image":{"@id":"https:\/\/comek.it\/fr\/ligne-comek-pour-la-pesee-et-lemballage-du-cafe-en-grains\/#primaryimage"},"thumbnailUrl":"https:\/\/comek.it\/wp-content\/uploads\/2025\/04\/Copertina-Blog-FR.jpg","datePublished":"2025-04-01T10:00:07+00:00","description":"L'emballage des grains de caf\u00e9 est bien plus qu'un simple sachet : c'est la cl\u00e9 pour pr\u00e9server son ar\u00f4me et garantir sa qualit\u00e9 au fil du temps \u2615\u200b","breadcrumb":{"@id":"https:\/\/comek.it\/fr\/ligne-comek-pour-la-pesee-et-lemballage-du-cafe-en-grains\/#breadcrumb"},"inLanguage":"fr-FR","potentialAction":[{"@type":"ReadAction","target":["https:\/\/comek.it\/fr\/ligne-comek-pour-la-pesee-et-lemballage-du-cafe-en-grains\/"]}]},{"@type":"ImageObject","inLanguage":"fr-FR","@id":"https:\/\/comek.it\/fr\/ligne-comek-pour-la-pesee-et-lemballage-du-cafe-en-grains\/#primaryimage","url":"https:\/\/comek.it\/wp-content\/uploads\/2025\/04\/Copertina-Blog-FR.jpg","contentUrl":"https:\/\/comek.it\/wp-content\/uploads\/2025\/04\/Copertina-Blog-FR.jpg","width":1500,"height":1095},{"@type":"BreadcrumbList","@id":"https:\/\/comek.it\/fr\/ligne-comek-pour-la-pesee-et-lemballage-du-cafe-en-grains\/#breadcrumb","itemListElement":[{"@type":"ListItem","position":1,"name":"Home","item":"https:\/\/comek.it\/fr\/"},{"@type":"ListItem","position":2,"name":"Scellage herm\u00e9tique et \u00e9l\u00e9gance : la ligne Comek pour la pes\u00e9e et l&#8217;emballage du caf\u00e9 en grains"}]},{"@type":"WebSite","@id":"https:\/\/comek.it\/fr\/#website","url":"https:\/\/comek.it\/fr\/","name":"Comek srl - Impianti automatici di pesatura, imballaggio e confezionamento","description":"Produzioni macchine per Impianti automatici di pesatura, imballaggio e confezionamento","publisher":{"@id":"https:\/\/comek.it\/fr\/#organization"},"potentialAction":[{"@type":"SearchAction","target":{"@type":"EntryPoint","urlTemplate":"https:\/\/comek.it\/fr\/?s={search_term_string}"},"query-input":{"@type":"PropertyValueSpecification","valueRequired":true,"valueName":"search_term_string"}}],"inLanguage":"fr-FR"},{"@type":"Organization","@id":"https:\/\/comek.it\/fr\/#organization","name":"Comek srl - Impianti automatici di pesatura, imballaggio e confezionamento","url":"https:\/\/comek.it\/fr\/","logo":{"@type":"ImageObject","inLanguage":"fr-FR","@id":"https:\/\/comek.it\/fr\/#\/schema\/logo\/image\/","url":"https:\/\/comek.it\/wp-content\/uploads\/2023\/04\/comek-logo-positivo.png","contentUrl":"https:\/\/comek.it\/wp-content\/uploads\/2023\/04\/comek-logo-positivo.png","width":600,"height":149,"caption":"Comek srl - Impianti automatici di pesatura, imballaggio e confezionamento"},"image":{"@id":"https:\/\/comek.it\/fr\/#\/schema\/logo\/image\/"},"sameAs":["https:\/\/www.linkedin.com\/company\/comek-s.r.l.\/","https:\/\/www.youtube.com\/channel\/UCzNdYeFJW5tscdfc8zMGSXA"]},{"@type":"Person","@id":"https:\/\/comek.it\/fr\/#\/schema\/person\/1b97e23eea5847fb7a9e94b9a711a1f1","name":"admin-mktn9","image":{"@type":"ImageObject","inLanguage":"fr-FR","@id":"https:\/\/comek.it\/fr\/#\/schema\/person\/image\/","url":"https:\/\/secure.gravatar.com\/avatar\/59f662987b55e2a33a48558631d130663a6f6c07e4b72a3fe0781b62597529dc?s=96&d=mm&r=g","contentUrl":"https:\/\/secure.gravatar.com\/avatar\/59f662987b55e2a33a48558631d130663a6f6c07e4b72a3fe0781b62597529dc?s=96&d=mm&r=g","caption":"admin-mktn9"}}]}},"_links":{"self":[{"href":"https:\/\/comek.it\/fr\/wp-json\/wp\/v2\/posts\/36332","targetHints":{"allow":["GET"]}}],"collection":[{"href":"https:\/\/comek.it\/fr\/wp-json\/wp\/v2\/posts"}],"about":[{"href":"https:\/\/comek.it\/fr\/wp-json\/wp\/v2\/types\/post"}],"author":[{"embeddable":true,"href":"https:\/\/comek.it\/fr\/wp-json\/wp\/v2\/users\/25"}],"replies":[{"embeddable":true,"href":"https:\/\/comek.it\/fr\/wp-json\/wp\/v2\/comments?post=36332"}],"version-history":[{"count":4,"href":"https:\/\/comek.it\/fr\/wp-json\/wp\/v2\/posts\/36332\/revisions"}],"predecessor-version":[{"id":36349,"href":"https:\/\/comek.it\/fr\/wp-json\/wp\/v2\/posts\/36332\/revisions\/36349"}],"wp:featuredmedia":[{"embeddable":true,"href":"https:\/\/comek.it\/fr\/wp-json\/wp\/v2\/media\/36336"}],"wp:attachment":[{"href":"https:\/\/comek.it\/fr\/wp-json\/wp\/v2\/media?parent=36332"}],"wp:term":[{"taxonomy":"category","embeddable":true,"href":"https:\/\/comek.it\/fr\/wp-json\/wp\/v2\/categories?post=36332"},{"taxonomy":"post_tag","embeddable":true,"href":"https:\/\/comek.it\/fr\/wp-json\/wp\/v2\/tags?post=36332"}],"curies":[{"name":"wp","href":"https:\/\/api.w.org\/{rel}","templated":true}]}}